{"id":1540,"date":"2019-07-16T14:34:40","date_gmt":"2019-07-16T14:34:40","guid":{"rendered":"https:\/\/www.delamode-balkans.com\/sr\/?p=1540"},"modified":"2019-07-16T14:39:41","modified_gmt":"2019-07-16T14:39:41","slug":"business-elites-award-a-40-under-40-miso-bozic","status":"publish","type":"post","link":"https:\/\/delamode-balkans.com\/sr\/2019\/07\/16\/business-elites-award-a-40-under-40-miso-bozic\/","title":{"rendered":"Business Elites Award-a, \u201c40 under 40\u201d &#8211; Mi\u0161o Bo\u017ei\u0107"},"content":{"rendered":"<p>Zadovoljstvo nam je da saop\u0161timo da je Mi\u0161o Bo\u017ei\u0107,generalni regionalni direktor, Delamode Balkans-a izabran za jednog od 40 u kategoriji \u201c40 under 40\u201d od strane Business Elites Award.<\/p>\n<p>Po re\u010dima Business Elites Award-a, \u201c40 under 40\u201d je presti\u017eni program koji identifikuje izvanredne mlade menad\u017eere i preduzetnike svetskog biznisa, vizionare i inovatore koji menjaju na\u010din na koji se radi.<br \/>\nOni inspiri\u0161u druge i uzvra\u0107aju svojim zajednicama i zemljama. Svaki od njih ima ispod 40 godina.<\/p>\n<p>Ovo je jedna od najpopularnijih svetskih nagrada za mlade lidere, \u010desto prvi program koji je uo\u010dio mnoge svetske ugledne li\u010dnosti. Gotovo je sigurno da \u0107e na\u0161i nagra\u0111eni imati inzvarendna postigni\u0107a nakon ove nagrade.<\/p>\n<p><\/p>","protected":false},"excerpt":{"rendered":"<p>Zadovoljstvo nam je da saop\u0161timo da je Mi\u0161o Bo\u017ei\u0107,generalni regionalni direktor, Delamode Balkans-a izabran za jednog od 40 u kategoriji \u201c40 under 40\u201d od strane Business Elites Award. Po re\u010dima Business Elites Award-a, \u201c40 under 40\u201d je presti\u017eni program koji identifikuje izvanredne mlade menad\u017eere i preduzetnike svetskog biznisa, vizionare i inovatore koji menjaju na\u010din na [&hellip;]<\/p>\n","protected":false},"author":3,"featured_media":1542,"comment_status":"open","ping_status":"open","sticky":false,"template":"","format":"standard","meta":[],"categories":[1],"tags":[],"acf":[],"aioseo_notices":[],"_links":{"self":[{"href":"https:\/\/delamode-balkans.com\/sr\/wp-json\/wp\/v2\/posts\/1540"}],"collection":[{"href":"https:\/\/delamode-balkans.com\/sr\/wp-json\/wp\/v2\/posts"}],"about":[{"href":"https:\/\/delamode-balkans.com\/sr\/wp-json\/wp\/v2\/types\/post"}],"author":[{"embeddable":true,"href":"https:\/\/delamode-balkans.com\/sr\/wp-json\/wp\/v2\/users\/3"}],"replies":[{"embeddable":true,"href":"https:\/\/delamode-balkans.com\/sr\/wp-json\/wp\/v2\/comments?post=1540"}],"version-history":[{"count":2,"href":"https:\/\/delamode-balkans.com\/sr\/wp-json\/wp\/v2\/posts\/1540\/revisions"}],"predecessor-version":[{"id":1543,"href":"https:\/\/delamode-balkans.com\/sr\/wp-json\/wp\/v2\/posts\/1540\/revisions\/1543"}],"wp:featuredmedia":[{"embeddable":true,"href":"https:\/\/delamode-balkans.com\/sr\/wp-json\/wp\/v2\/media\/1542"}],"wp:attachment":[{"href":"https:\/\/delamode-balkans.com\/sr\/wp-json\/wp\/v2\/media?parent=1540"}],"wp:term":[{"taxonomy":"category","embeddable":true,"href":"https:\/\/delamode-balkans.com\/sr\/wp-json\/wp\/v2\/categories?post=1540"},{"taxonomy":"post_tag","embeddable":true,"href":"https:\/\/delamode-balkans.com\/sr\/wp-json\/wp\/v2\/tags?post=1540"}],"curies":[{"name":"wp","href":"https:\/\/api.w.org\/{rel}","templated":true}]}}